{"id":722,"date":"2020-07-19T21:54:08","date_gmt":"2020-07-19T19:54:08","guid":{"rendered":"https:\/\/maternailes.fr\/?p=722"},"modified":"2022-11-27T22:12:19","modified_gmt":"2022-11-27T21:12:19","slug":"ateliers-maternailes","status":"publish","type":"post","link":"https:\/\/maternailes.fr\/?p=722","title":{"rendered":"Ateliers Maternailes"},"content":{"rendered":"<div class=\"wp-block-table-of-contents-block-table-of-contents-block\"><div class=\"eb-parent-wrapper eb-parent-eb-toc-n546r4h \"><div class=\"eb-toc-container eb-toc-n546r4h  eb-toc-is-not-sticky eb-toc-not-collapsible eb-toc-initially-not-collapsed eb-toc-scrollToTop style-1 list-style-none\" data-scroll-top=\"true\" data-scroll-top-icon=\"fas fa-angle-up\" data-collapsible=\"false\" data-sticky-hide-mobile=\"false\" data-sticky=\"false\" data-scroll-target=\"scroll_to_toc\" data-copy-link=\"false\" data-editor-type=\"\" data-hide-desktop=\"false\" data-hide-tab=\"false\" data-hide-mobile=\"false\" data-itemCollapsed=\"false\"><div class=\"eb-toc-header\"><\/div><div class=\"eb-toc-wrapper \" data-headers=\"[{&quot;level&quot;:3,&quot;content&quot;:&quot;1. Pr\\u00e9sentation&quot;,&quot;text&quot;:&quot;1. Pr\\u00e9sentation&quot;,&quot;link&quot;:&quot;eb-table-content-0&quot;},{&quot;level&quot;:3,&quot;content&quot;:&quot;2. Pourquoi&quot;,&quot;text&quot;:&quot;2. Pourquoi&quot;,&quot;link&quot;:&quot;2-pourquoi&quot;},{&quot;level&quot;:3,&quot;content&quot;:&quot;3. T\\u00e9l\\u00e9chargement gratuit&quot;,&quot;text&quot;:&quot;3. T\\u00e9l\\u00e9chargement gratuit&quot;,&quot;link&quot;:&quot;eb-table-content-2&quot;},{&quot;level&quot;:5,&quot;content&quot;:&quot;Programmation d&#039;ateliers du matin (PS\\\/MS\\\/GS)&quot;,&quot;text&quot;:&quot;Programmation d&#039;ateliers du matin (PS\\\/MS\\\/GS)&quot;,&quot;link&quot;:&quot;programmation-dateliers-du-matin-psmsgs&quot;},{&quot;level&quot;:5,&quot;content&quot;:&quot;Programmation ateliers de l&#039;apr\\u00e8s-mi MSGS&quot;,&quot;text&quot;:&quot;Programmation ateliers de l&#039;apr\\u00e8s-mi MSGS&quot;,&quot;link&quot;:&quot;eb-table-content-4&quot;},{&quot;level&quot;:5,&quot;content&quot;:&quot;Exemple de module d&#039;activit\\u00e9 en PSMSGS&quot;,&quot;text&quot;:&quot;Exemple de module d&#039;activit\\u00e9 en PSMSGS&quot;,&quot;link&quot;:&quot;eb-table-content-5&quot;},{&quot;level&quot;:3,&quot;content&quot;:&quot;4. Bonus audio et vid\\u00e9o&quot;,&quot;text&quot;:&quot;4. Bonus audio et vid\\u00e9o&quot;,&quot;link&quot;:&quot;eb-table-content-6&quot;},{&quot;level&quot;:3,&quot;content&quot;:&quot;5. Acheter \\&quot;Ateliers Maternailes\\&quot;&quot;,&quot;text&quot;:&quot;5. Acheter \\&quot;Ateliers Maternailes\\&quot;&quot;,&quot;link&quot;:&quot;5-acheter-ateliers-maternailes&quot;}]\" data-visible=\"[true,true,true,true,true,true]\" data-delete-headers=\"[]\" data-smooth=\"true\" data-top-offset=\"\"><div class=\"eb-toc__list-wrap\"><ul class='eb-toc__list'><li><a href=\"#eb-table-content-0\">1. Pr\u00e9sentation<\/a><li><a href=\"#2-pourquoi\">2. Pourquoi<\/a><li><a href=\"#eb-table-content-2\">3. T\u00e9l\u00e9chargement gratuit<\/a><ul class='eb-toc__list'><li><a href=\"#programmation-dateliers-du-matin-psmsgs\">Programmation d&rsquo;ateliers du matin (PS\/MS\/GS)<\/a><li><a href=\"#eb-table-content-4\">Programmation ateliers de l&rsquo;apr\u00e8s-mi MSGS<\/a><li><a href=\"#eb-table-content-5\">Exemple de module d&rsquo;activit\u00e9 en PSMSGS<\/a><\/li><\/ul><li><a href=\"#eb-table-content-6\">4. Bonus audio et vid\u00e9o<\/a><li><a href=\"#5-acheter-ateliers-maternailes\">5. Acheter \u00ab\u00a0Ateliers Maternailes\u00a0\u00bb<\/a><\/ul><\/div><\/div><\/div><\/div><\/div>\n\n\n<!--more-->\n\n\n\n<h3 class=\"wp-block-heading\">1. Pr\u00e9sentation<\/h3>\n\n\n\n<p>Ce livre permet de mettre en place <strong>six semaines d\u2019ateliers en Maternailes <\/strong>quelle que soit la section. Il contient 48 ateliers r\u00e9partis dans <strong>des modules d\u2019apprentissages couvrant presque tous les domaines de comp\u00e9tences<\/strong>.<br>Ces ateliers et leur articulation ont \u00e9t\u00e9 <strong>exp\u00e9riment\u00e9s dans la classe de Christine Lemoine, autrice de l\u2019ouvrage avec Philippe Tassel<\/strong>.<\/p>\n\n\n\n<figure class=\"wp-block-image alignwide size-full\"><img loading=\"lazy\" decoding=\"async\" width=\"800\" height=\"629\" src=\"https:\/\/maternailes.fr\/wp-content\/uploads\/2020\/07\/atelmater_01_remplacement.png\" alt=\"\" class=\"wp-image-1110\" srcset=\"https:\/\/maternailes.fr\/wp-content\/uploads\/2020\/07\/atelmater_01_remplacement.png 800w, https:\/\/maternailes.fr\/wp-content\/uploads\/2020\/07\/atelmater_01_remplacement-300x236.png 300w, https:\/\/maternailes.fr\/wp-content\/uploads\/2020\/07\/atelmater_01_remplacement-768x604.png 768w\" sizes=\"auto, (max-width: 800px) 100vw, 800px\" \/><\/figure>\n\n\n\n<h3 class=\"wp-block-heading\">2. Pourquoi<\/h3>\n\n\n\n<p>Il s\u2019agit de :<\/p>\n\n\n\n<ul class=\"wp-block-list\">\n<li><strong>donner \u00e0 voir<\/strong> par la pratique <strong>une p\u00e9dagogie singuli\u00e8re : m\u00e9lange des sections, ateliers \u00e9chelonn\u00e9s, brevets de r\u00e9ussites\u2026<\/strong><\/li>\n\n\n\n<li><strong>lib\u00e9rer l\u2019enseignant de la question du Quoi faire pour pouvoir se concentrer sur le Comment<em> <\/em><\/strong>m\u00eame s\u2019il n\u2019y a pas beaucoup de mat\u00e9riel dans la classe. Les modules d\u2019apprentissages n\u00e9cessitent des mat\u00e9riaux \u00e0 faible co\u00fbt et d\u2019un peu de temps pour imprimer, plastifier, d\u00e9couper, marquer, assembler.<\/li>\n\n\n\n<li> <strong>proposer une alternative aux fiches pr\u00eates \u00e0 l\u2019emploi, identiques pour tout le monde<\/strong>, que les enfants remplissent parfois \u00e0 longueur de journ\u00e9e.<\/li>\n<\/ul>\n\n\n\n<h3 class=\"wp-block-heading\">3. T\u00e9l\u00e9chargement gratuit<\/h3>\n\n\n\n<h5 class=\"wp-block-heading\">Programmation d&rsquo;ateliers du matin (PS\/MS\/GS)<\/h5>\n\n\n\n<div data-wp-interactive=\"core\/file\" class=\"wp-block-file\"><object data-wp-bind--hidden=\"!state.hasPdfPreview\" hidden class=\"wp-block-file__embed\" data=\"https:\/\/maternailes.fr\/wp-content\/uploads\/2022\/11\/Programation-ateliers-du-matin-PSMSGS.pdf\" type=\"application\/pdf\" style=\"width:100%;height:600px\" aria-label=\"Contenu embarqu\u00e9 Programation-ateliers-du-matin-PSMSGS.\"><\/object><a id=\"wp-block-file--media-39eb6ddd-fa74-4f70-a114-6bafb8ce527c\" href=\"https:\/\/maternailes.fr\/wp-content\/uploads\/2022\/11\/Programation-ateliers-du-matin-PSMSGS.pdf\">Programation-ateliers-du-matin-PSMSGS<\/a><a href=\"https:\/\/maternailes.fr\/wp-content\/uploads\/2022\/11\/Programation-ateliers-du-matin-PSMSGS.pdf\" class=\"wp-block-file__button wp-element-button\" download aria-describedby=\"wp-block-file--media-39eb6ddd-fa74-4f70-a114-6bafb8ce527c\">T\u00e9l\u00e9charger<\/a><\/div>\n\n\n\n<h5 class=\"wp-block-heading\">Programmation ateliers de l&rsquo;apr\u00e8s-mi MSGS<\/h5>\n\n\n\n<div data-wp-interactive=\"core\/file\" class=\"wp-block-file\"><object data-wp-bind--hidden=\"!state.hasPdfPreview\" hidden class=\"wp-block-file__embed\" data=\"https:\/\/maternailes.fr\/wp-content\/uploads\/2022\/11\/Programation-ateliers-MSGS.pdf\" type=\"application\/pdf\" style=\"width:100%;height:600px\" aria-label=\"Contenu embarqu\u00e9 Programation-ateliers-MSGS.\"><\/object><a id=\"wp-block-file--media-c118fcd2-eb93-4867-9c8b-1173527e2a06\" href=\"https:\/\/maternailes.fr\/wp-content\/uploads\/2022\/11\/Programation-ateliers-MSGS.pdf\">Programation-ateliers-MSGS<\/a><a href=\"https:\/\/maternailes.fr\/wp-content\/uploads\/2022\/11\/Programation-ateliers-MSGS.pdf\" class=\"wp-block-file__button wp-element-button\" download aria-describedby=\"wp-block-file--media-c118fcd2-eb93-4867-9c8b-1173527e2a06\">T\u00e9l\u00e9charger<\/a><\/div>\n\n\n\n<h5 class=\"wp-block-heading\">Exemple de module d&rsquo;activit\u00e9 en PSMSGS<\/h5>\n\n\n\n<div data-wp-interactive=\"core\/file\" class=\"wp-block-file\"><object data-wp-bind--hidden=\"!state.hasPdfPreview\" hidden class=\"wp-block-file__embed\" data=\"https:\/\/maternailes.fr\/wp-content\/uploads\/2022\/11\/Exemple-atelier-maternailes.pdf\" type=\"application\/pdf\" style=\"width:100%;height:600px\" aria-label=\"Contenu embarqu\u00e9 Exemple d&apos;ateliers propos\u00e9s dans la programmation.\"><\/object><a id=\"wp-block-file--media-feb5faf4-df19-47ab-8a46-777ddd7eb9e7\" href=\"https:\/\/maternailes.fr\/wp-content\/uploads\/2022\/11\/Exemple-atelier-maternailes.pdf\">Exemple d&rsquo;ateliers propos\u00e9s dans la programmation<\/a><a href=\"https:\/\/maternailes.fr\/wp-content\/uploads\/2022\/11\/Exemple-atelier-maternailes.pdf\" class=\"wp-block-file__button wp-element-button\" download aria-describedby=\"wp-block-file--media-feb5faf4-df19-47ab-8a46-777ddd7eb9e7\">T\u00e9l\u00e9charger<\/a><\/div>\n\n\n\n<h3 class=\"wp-block-heading\">4. Bonus audio et vid\u00e9o<\/h3>\n\n\n\n<p>Le conte de la Coccinelle racont\u00e9 par l&rsquo;auteur.<\/p>\n\n\n\n<figure class=\"wp-block-audio\"><audio controls src=\"https:\/\/maternailes.fr\/wp-content\/uploads\/2020\/07\/atelmater_04.mp3\"><\/audio><figcaption class=\"wp-element-caption\">\u00ab\u00a0Coccinelle\u00a0\u00bb de Philippe Tassel<\/figcaption><\/figure>\n\n\n\n<figure class=\"wp-block-video\"><video height=\"480\" style=\"aspect-ratio: 854 \/ 480;\" width=\"854\" controls poster=\"https:\/\/maternailes.fr\/wp-content\/uploads\/2020\/09\/boite-a-histoires-mov-image.jpg\" src=\"https:\/\/maternailes.fr\/wp-content\/uploads\/2020\/09\/boite-a-histoires.mov\"><\/video><figcaption class=\"wp-element-caption\">Au coin \u00ab\u00a0Boite \u00e0 histoires\u00a0\u00bb <\/figcaption><\/figure>\n\n\n\n<h3 class=\"wp-block-heading\">5. Acheter \u00ab\u00a0Ateliers Maternailes\u00a0\u00bb<\/h3>\n\n\n\n<div class=\"wp-block-media-text is-stacked-on-mobile\"><figure class=\"wp-block-media-text__media\"><img loading=\"lazy\" decoding=\"async\" width=\"725\" height=\"1024\" src=\"https:\/\/maternailes.fr\/wp-content\/uploads\/2022\/11\/ateliers-maternailes-725x1024.png\" alt=\"\" class=\"wp-image-5318 size-full\" srcset=\"https:\/\/maternailes.fr\/wp-content\/uploads\/2022\/11\/ateliers-maternailes-725x1024.png 725w, https:\/\/maternailes.fr\/wp-content\/uploads\/2022\/11\/ateliers-maternailes-212x300.png 212w, https:\/\/maternailes.fr\/wp-content\/uploads\/2022\/11\/ateliers-maternailes-768x1085.png 768w, https:\/\/maternailes.fr\/wp-content\/uploads\/2022\/11\/ateliers-maternailes.png 870w\" sizes=\"auto, (max-width: 725px) 100vw, 725px\" \/><\/figure><div class=\"wp-block-media-text__content\">\n<p>Cet ouvrage de 126 pages est commercialis\u00e9 pour <strong>28 euros en pdf ou 43 euros en version papier<\/strong>, chez <a href=\"https:\/\/www.thebookedition.com\/fr\/ateliers-maternailes-p-352554.html\">The Book Editions<\/a>, o\u00f9 vous pouvez le commander en ligne.<br><\/p>\n<\/div><\/div>\n","protected":false},"excerpt":{"rendered":"","protected":false},"author":1,"featured_media":726,"comment_status":"closed","ping_status":"closed","sticky":false,"template":"","format":"standard","meta":{"_eb_attr":"","footnotes":""},"categories":[6],"tags":[],"class_list":["post-722","post","type-post","status-publish","format-standard","has-post-thumbnail","hentry","category-editions"],"_links":{"self":[{"href":"https:\/\/maternailes.fr\/index.php?rest_route=\/wp\/v2\/posts\/722","targetHints":{"allow":["GET"]}}],"collection":[{"href":"https:\/\/maternailes.fr\/index.php?rest_route=\/wp\/v2\/posts"}],"about":[{"href":"https:\/\/maternailes.fr\/index.php?rest_route=\/wp\/v2\/types\/post"}],"author":[{"embeddable":true,"href":"https:\/\/maternailes.fr\/index.php?rest_route=\/wp\/v2\/users\/1"}],"replies":[{"embeddable":true,"href":"https:\/\/maternailes.fr\/index.php?rest_route=%2Fwp%2Fv2%2Fcomments&post=722"}],"version-history":[{"count":17,"href":"https:\/\/maternailes.fr\/index.php?rest_route=\/wp\/v2\/posts\/722\/revisions"}],"predecessor-version":[{"id":5343,"href":"https:\/\/maternailes.fr\/index.php?rest_route=\/wp\/v2\/posts\/722\/revisions\/5343"}],"wp:featuredmedia":[{"embeddable":true,"href":"https:\/\/maternailes.fr\/index.php?rest_route=\/wp\/v2\/media\/726"}],"wp:attachment":[{"href":"https:\/\/maternailes.fr\/index.php?rest_route=%2Fwp%2Fv2%2Fmedia&parent=722"}],"wp:term":[{"taxonomy":"category","embeddable":true,"href":"https:\/\/maternailes.fr\/index.php?rest_route=%2Fwp%2Fv2%2Fcategories&post=722"},{"taxonomy":"post_tag","embeddable":true,"href":"https:\/\/maternailes.fr\/index.php?rest_route=%2Fwp%2Fv2%2Ftags&post=722"}],"curies":[{"name":"wp","href":"https:\/\/api.w.org\/{rel}","templated":true}]}}