{"id":329,"date":"2020-07-17T10:06:44","date_gmt":"2020-07-17T08:06:44","guid":{"rendered":"http:\/\/maternailes.fr\/?p=329"},"modified":"2022-08-28T08:59:16","modified_gmt":"2022-08-28T06:59:16","slug":"rentree-en-maternelle","status":"publish","type":"post","link":"https:\/\/maternailes.fr\/?p=329","title":{"rendered":"Rentr\u00e9e en maternelle"},"content":{"rendered":"\n<p>Gros plan sur notre premi\u00e8re semaine d\u2019\u00e9cole, en septembre 2014, avec des petite et moyenne sections.<br>Une pens\u00e9e pour&nbsp;ceux qui atterrissent en maternelle sans aucune formation !<\/p>\n\n\n<div class=\"wp-block-table-of-contents-block-table-of-contents-block\"><div class=\"eb-parent-wrapper eb-parent-eb-toc-jw3dhc4 \"><div class=\"eb-toc-container eb-toc-jw3dhc4  eb-toc-is-not-sticky eb-toc-not-collapsible eb-toc-initially-not-collapsed eb-toc-scrollToTop style-1 list-style-none\" data-scroll-top=\"true\" data-scroll-top-icon=\"fas fa-angle-up\" data-collapsible=\"false\" data-sticky-hide-mobile=\"false\" data-sticky=\"false\" data-scroll-target=\"scroll_to_toc\" data-copy-link=\"false\" data-editor-type=\"\" data-hide-desktop=\"false\" data-hide-tab=\"false\" data-hide-mobile=\"false\" data-itemCollapsed=\"false\"><div class=\"eb-toc-header\"><\/div><div class=\"eb-toc-wrapper \" data-headers=\"[{&quot;level&quot;:3,&quot;content&quot;:&quot;1. Cher (nouveau) coll\\u00e8gue&quot;,&quot;text&quot;:&quot;1. Cher (nouveau) coll\\u00e8gue&quot;,&quot;link&quot;:&quot;eb-table-content-0&quot;},{&quot;level&quot;:3,&quot;content&quot;:&quot;2. La premi\\u00e8re semaine avec des PS\\\/MS ?&quot;,&quot;text&quot;:&quot;2. La premi\\u00e8re semaine avec des PS\\\/MS ?&quot;,&quot;link&quot;:&quot;eb-table-content-1&quot;},{&quot;level&quot;:3,&quot;content&quot;:&quot;3. Exemple de premi\\u00e8re semaine en PS\\\/MS&quot;,&quot;text&quot;:&quot;3. Exemple de premi\\u00e8re semaine en PS\\\/MS&quot;,&quot;link&quot;:&quot;eb-table-content-2&quot;},{&quot;level&quot;:3,&quot;content&quot;:&quot;4. Premier objectif : Construire l\\u2019autonomie&quot;,&quot;text&quot;:&quot;4. Premier objectif : Construire l\\u2019autonomie&quot;,&quot;link&quot;:&quot;4-premier-objectif-construire-lautonomie&quot;},{&quot;level&quot;:3,&quot;content&quot;:&quot;5. Gestion des\\u00a0ateliers&quot;,&quot;text&quot;:&quot;5. Gestion des\\u00a0ateliers&quot;,&quot;link&quot;:&quot;eb-table-content-4&quot;},{&quot;level&quot;:5,&quot;content&quot;:&quot;Apprendre \\u00e0 s\\u2019inscrire avec l\\u2019adulte&quot;,&quot;text&quot;:&quot;Apprendre \\u00e0 s\\u2019inscrire avec l\\u2019adulte&quot;,&quot;link&quot;:&quot;eb-table-content-5&quot;},{&quot;level&quot;:5,&quot;content&quot;:&quot;S\\u2019inscrire seul&quot;,&quot;text&quot;:&quot;S\\u2019inscrire seul&quot;,&quot;link&quot;:&quot;sinscrire-seul&quot;},{&quot;level&quot;:5,&quot;content&quot;:&quot;Pointer son passage&quot;,&quot;text&quot;:&quot;Pointer son passage&quot;,&quot;link&quot;:&quot;pointer-son-passage&quot;},{&quot;level&quot;:3,&quot;content&quot;:&quot;6. Comment s\\u2019est pass\\u00e9e la rentr\\u00e9e ?&quot;,&quot;text&quot;:&quot;6. Comment s\\u2019est pass\\u00e9e la rentr\\u00e9e ?&quot;,&quot;link&quot;:&quot;eb-table-content-8&quot;},{&quot;level&quot;:3,&quot;content&quot;:&quot;7. Premiers\\u00a0ateliers individuels de manipulations&quot;,&quot;text&quot;:&quot;7. Premiers\\u00a0ateliers individuels de manipulations&quot;,&quot;link&quot;:&quot;eb-table-content-9&quot;},{&quot;level&quot;:3,&quot;content&quot;:&quot;8. Jeudi :\\u00a0du cadre !&quot;,&quot;text&quot;:&quot;8. Jeudi :\\u00a0du cadre !&quot;,&quot;link&quot;:&quot;eb-table-content-10&quot;},{&quot;level&quot;:3,&quot;content&quot;:&quot;9. Vendredi : coup de fatigue&quot;,&quot;text&quot;:&quot;9. Vendredi : coup de fatigue&quot;,&quot;link&quot;:&quot;9-vendredi-coup-de-fatigue&quot;},{&quot;level&quot;:3,&quot;content&quot;:&quot;10. Samedi matin&quot;,&quot;text&quot;:&quot;10. Samedi matin&quot;,&quot;link&quot;:&quot;10-samedi-matin&quot;},{&quot;level&quot;:3,&quot;content&quot;:&quot;11. Le semainier\\u00a0r\\u00e9alis\\u00e9&quot;,&quot;text&quot;:&quot;11. Le semainier\\u00a0r\\u00e9alis\\u00e9&quot;,&quot;link&quot;:&quot;eb-table-content-13&quot;},{&quot;level&quot;:3,&quot;content&quot;:&quot;12 Documents&quot;,&quot;text&quot;:&quot;12 Documents&quot;,&quot;link&quot;:&quot;12-documents&quot;},{&quot;level&quot;:5,&quot;content&quot;:&quot;\\u00e9tiquettes cartable&quot;,&quot;text&quot;:&quot;\\u00e9tiquettes cartable&quot;,&quot;link&quot;:&quot;eb-table-content-15&quot;},{&quot;level&quot;:5,&quot;content&quot;:&quot;Atelier de p\\u00e2te \\u00e0 modeler&quot;,&quot;text&quot;:&quot;Atelier de p\\u00e2te \\u00e0 modeler&quot;,&quot;link&quot;:&quot;eb-table-content-16&quot;},{&quot;level&quot;:5,&quot;content&quot;:&quot;Atelier cuisine&quot;,&quot;text&quot;:&quot;Atelier cuisine&quot;,&quot;link&quot;:&quot;atelier-cuisine&quot;}]\" data-visible=\"[true,true,true,true,true,true]\" data-delete-headers=\"[]\" data-smooth=\"true\" data-top-offset=\"\"><div class=\"eb-toc__list-wrap\"><ul class='eb-toc__list'><li><a href=\"#eb-table-content-0\">1. Cher (nouveau) coll\u00e8gue<\/a><li><a href=\"#eb-table-content-1\">2. La premi\u00e8re semaine avec des PS\/MS ?<\/a><li><a href=\"#eb-table-content-2\">3. Exemple de premi\u00e8re semaine en PS\/MS<\/a><li><a href=\"#4-premier-objectif-construire-lautonomie\">4. Premier objectif : Construire l\u2019autonomie<\/a><li><a href=\"#eb-table-content-4\">5. Gestion des\u00a0ateliers<\/a><ul class='eb-toc__list'><li><a href=\"#eb-table-content-5\">Apprendre \u00e0 s\u2019inscrire avec l\u2019adulte<\/a><li><a href=\"#sinscrire-seul\">S\u2019inscrire seul<\/a><li><a href=\"#pointer-son-passage\">Pointer son passage<\/a><\/li><\/ul><li><a href=\"#eb-table-content-8\">6. Comment s\u2019est pass\u00e9e la rentr\u00e9e ?<\/a><li><a href=\"#eb-table-content-9\">7. Premiers\u00a0ateliers individuels de manipulations<\/a><li><a href=\"#eb-table-content-10\">8. Jeudi :\u00a0du cadre !<\/a><li><a href=\"#9-vendredi-coup-de-fatigue\">9. Vendredi : coup de fatigue<\/a><li><a href=\"#10-samedi-matin\">10. Samedi matin<\/a><li><a href=\"#eb-table-content-13\">11. Le semainier\u00a0r\u00e9alis\u00e9<\/a><li><a href=\"#12-documents\">12 Documents<\/a><ul class='eb-toc__list'><li><a href=\"#eb-table-content-15\">\u00e9tiquettes cartable<\/a><li><a href=\"#eb-table-content-16\">Atelier de p\u00e2te \u00e0 modeler<\/a><li><a href=\"#atelier-cuisine\">Atelier cuisine<\/a><\/li><\/ul><\/ul><\/div><\/div><\/div><\/div><\/div>\n\n\n<!--more-->\n\n\n\n<h3 class=\"wp-block-heading\">1. Cher (nouveau) coll\u00e8gue<\/h3>\n\n\n\n<p>Quelle que soit l\u2019organisation que tu choisiras, <strong>la rentr\u00e9e&nbsp;ne sera pas facile.<\/strong><br><strong>Beaucoup de pleurs, notamment&nbsp;chez les deux, trois ans.<\/strong><br>Bien s\u00fbr, lorsque les sections sont m\u00e9lang\u00e9es, c\u2019est moins tendu&nbsp;: les plus jeunes sont rassur\u00e9s par les plus grands. Ils cherchent \u00e0 les imiter rapidement.<\/p>\n\n\n\n<p>Tu auras vraisemblablement trop chaud et envie de t\u2019enfuir. Eux-aussi. <strong>Surveille la porte. Certains ont tr\u00e8s bien m\u00e9moris\u00e9 le chemin pour entrer (et sortir).<\/strong><\/p>\n\n\n<div class=\"wp-block-image\">\n<figure class=\"alignright size-full\"><img loading=\"lazy\" decoding=\"async\" width=\"300\" height=\"385\" src=\"https:\/\/maternailes.fr\/wp-content\/uploads\/2020\/07\/rentree_01_collegue_remplacement.jpeg\" alt=\"\" class=\"wp-image-1064\" srcset=\"https:\/\/maternailes.fr\/wp-content\/uploads\/2020\/07\/rentree_01_collegue_remplacement.jpeg 300w, https:\/\/maternailes.fr\/wp-content\/uploads\/2020\/07\/rentree_01_collegue_remplacement-234x300.jpeg 234w\" sizes=\"auto, (max-width: 300px) 100vw, 300px\" \/><\/figure>\n<\/div>\n\n\n<p>Heureusement&nbsp;<strong>d\u2019ici quelques jours, quelques semaines, beaucoup auront&nbsp;envie de venir aussi le dimanche !<br><\/strong>Toi un peu moins, la rentr\u00e9e t\u2019aura mis&nbsp;sur les rotules.<br>Sauf \u00e0 avoir une forme physique olympique.<\/p>\n\n\n\n<p><strong>Ne projette pas trop \u00e0 l\u2019avance<\/strong>, c\u2019est difficile \u00e0 imaginer la vie d\u2019une classe et \u00e7a varie tous les ans en fonction des \u00e9l\u00e8ves.<br>En maternelle, ils sont &nbsp;tr\u00e8s diff\u00e9rents les uns des autres. Chaque ann\u00e9e, de nouveaux petits extra-terrestres arrivent. C\u2019est aussi ce qui rend ce m\u00e9tier passionnant.<\/p>\n\n\n\n<p><strong>Dans tous les cas, rien n\u2019est fig\u00e9, tu peux changer d\u2019organisation en cours d\u2019ann\u00e9e<\/strong>, d\u00e9couvrir en le vivant&nbsp;ce qui te correspond le mieux.<\/p>\n\n\n\n<p>Ah, j\u2019oubliais : m\u00eame les \u00ab&nbsp;vieilles&nbsp;\u00bb maitresses de maternelle angoissent \u00e0 chaque <strong>nouvelle rentr\u00e9e. Angoisse et plaisir m\u00eal\u00e9s<\/strong>.<\/p>\n\n\n\n<h3 class=\"wp-block-heading\">2. La premi\u00e8re semaine avec des PS\/MS ?<\/h3>\n\n\n\n<p>Ne programme que des ateliers autonomes.<\/p>\n\n\n<div class=\"wp-block-image\">\n<figure class=\"alignright size-full\"><img loading=\"lazy\" decoding=\"async\" width=\"164\" height=\"175\" src=\"http:\/\/maternailes.fr\/wp-content\/uploads\/2020\/07\/rentree_02_A_1eresemaine.jpg\" alt=\"\" class=\"wp-image-313\"\/><\/figure>\n<\/div>\n\n\n<p><strong>Des ateliers autonomes&nbsp;pour \u00eatre \u00e0 m\u00eame de g\u00e9rer les&nbsp;<\/strong><strong>chagrins, les doudous perdus.<\/strong>..<\/p>\n\n\n\n<p>Parfois&nbsp;tu parviendras \u00e0 adoucir leur peine avec un c\u00e2lin, des mots doux&nbsp;fredonn\u00e9s, une&nbsp;marionnette t\u00e9touilleuse de tee-shirt.<br>Parfois rien n\u2019y fera.&nbsp;Laisse faire le temps. En essayant de&nbsp;proposer des choses attractives.<br>En passant, attention \u00e0 certaines activit\u00e9 en cette p\u00e9riode particuli\u00e8re, comme la peinture aux doigts. Certains petits ne veulent pas se salir les mains, ils ont peur de cette dr\u00f4le d\u2019activit\u00e9. Voil\u00e0 des mois qu\u2019on leur apprend \u00e0 \u00eatre propres !<br>D\u2019autres vont patouiller avec plaisir et en mettre partout. Tu auras du mal \u00e0 leur expliquer ensuite qu\u2019il ne faut pas se peindre les mains \u00e0 chaque fois qu\u2019ils enfilent un tablier ! Je ne suis pas s\u00fbre non plus que la visite de toute l\u2019\u00e9cole soit adapt\u00e9e aux plus jeunes. Apprivoiser l\u2019espace de la classe leur co\u00fbte parfois d\u00e9j\u00e0 beaucoup. Bref : essayer de proposer des activit\u00e9s qui n\u2019ajoutent pas \u00e0 l\u2019angoisse de la s\u00e9paration.<\/p>\n\n\n\n<p><strong>Des ateliers autonomes&nbsp;pour veiller \u00e0 la mise en place de r\u00e8gles sociales (ne pas taper\u2026) et des r\u00e8gles d\u2019utilisation du mat\u00e9riel.<br><\/strong><br>Attention, les petits sortent&nbsp;tout ce qui est accessible des placards, des coins jeux\u2026<br>Ne laisse en libre acc\u00e8s que ce que l\u2019on peut&nbsp;ranger facilement, &nbsp;dans des lieux bien d\u00e9limit\u00e9s que tu devras faire respecter (bonne chance).<br>Le&nbsp;coin Duplos, c\u2019est pour les Duplos (et on ne balade pas tout dans la classe). La p\u00e2te \u00e0 modeler reste sur la table (et pas dans&nbsp;les Duplos\u2026)<\/p>\n\n\n\n<p>Quand, un jour, tu peux t\u2019asseoir 5 mn, tu peux alors envisager un syst\u00e8me d\u2019inscription.<\/p>\n\n\n\n<h3 class=\"wp-block-heading\">3. Exemple de premi\u00e8re semaine en PS\/MS<\/h3>\n\n\n\n<p>Voici mon semainier pour illustration. Je ne sais pas \u00e0 l\u2019avance comment cela va se passer, combien de temps vont durer les ateliers. Il est probable qu\u2019ils d\u00e9bordent de la semaine.<\/p>\n\n\n\n<figure class=\"wp-block-image alignwide size-full\"><img loading=\"lazy\" decoding=\"async\" width=\"1031\" height=\"734\" src=\"http:\/\/maternailes.fr\/wp-content\/uploads\/2020\/07\/rentree_03_A_exemplesemaine.png\" alt=\"\" class=\"wp-image-314\" srcset=\"https:\/\/maternailes.fr\/wp-content\/uploads\/2020\/07\/rentree_03_A_exemplesemaine.png 1031w, https:\/\/maternailes.fr\/wp-content\/uploads\/2020\/07\/rentree_03_A_exemplesemaine-300x214.png 300w, https:\/\/maternailes.fr\/wp-content\/uploads\/2020\/07\/rentree_03_A_exemplesemaine-1024x729.png 1024w, https:\/\/maternailes.fr\/wp-content\/uploads\/2020\/07\/rentree_03_A_exemplesemaine-768x547.png 768w\" sizes=\"auto, (max-width: 1031px) 100vw, 1031px\" \/><\/figure>\n\n\n\n<h3 class=\"wp-block-heading\">4. Premier objectif : Construire l\u2019autonomie<\/h3>\n\n\n\n<p>Deux ateliers autonomes seulement devraient \u00eatre&nbsp;ouverts, si l\u2019ambiance de classe le permet.<br>Ces ateliers&nbsp;entrainent&nbsp;souvent&nbsp;un apprentissage m\u00e9thodologique que je vais pouvoir pr\u00e9senter, v\u00e9rifier et imposer&nbsp;tranquillement puisqu\u2019il n\u2019y a aucun atelier dirig\u00e9.<\/p>\n\n\n\n<p>O\u00f9 mettre son travail&nbsp;termin\u00e9 ?<br>En fin d\u2019atelier, comment ranger l\u2019atelier, son mat\u00e9riel ?<br>Comment coller ?<br>Sur quoi pr\u00e9senter sa p\u00e2te \u00e0 modeler ?<br>O\u00f9 trouver son ardoise \u00e0 p\u00e2te \u00e0 modeler ?\u2026<\/p>\n\n\n\n<p>Il me faut penser la classe comme si j&rsquo;accueillais une bonne partie d&rsquo;extra-terrestres \ud83d\ude09<\/p>\n\n\n\n<h3 class=\"wp-block-heading\">5. Gestion des&nbsp;ateliers<\/h3>\n\n\n\n<p>Voici comment petit \u00e0 petit j\u2019introduis le syst\u00e8me d\u2019inscription.<\/p>\n\n\n<div class=\"wp-block-image\">\n<figure class=\"alignright size-full\"><img loading=\"lazy\" decoding=\"async\" width=\"250\" height=\"333\" src=\"http:\/\/maternailes.fr\/wp-content\/uploads\/2020\/07\/inscription_01_A_pourquoi.jpg\" alt=\"\" class=\"wp-image-197\" srcset=\"https:\/\/maternailes.fr\/wp-content\/uploads\/2020\/07\/inscription_01_A_pourquoi.jpg 250w, https:\/\/maternailes.fr\/wp-content\/uploads\/2020\/07\/inscription_01_A_pourquoi-225x300.jpg 225w\" sizes=\"auto, (max-width: 250px) 100vw, 250px\" \/><\/figure>\n<\/div>\n\n\n<h5 class=\"wp-block-heading\"><strong>Apprendre \u00e0 s\u2019inscrire avec l\u2019adulte<\/strong><\/h5>\n\n\n\n<p><strong>Une seule table pr\u00e9sente une boite \u00e0 inscriptions,<\/strong> les autres ateliers restent en acc\u00e8s libre.<br><strong>L\u2019enseignant demandent aux enfants qui souhaitent participer d\u2019aller chercher leur \u00e9tiquette et de la placer sur la boite.<\/strong><br>Le pointage des enfants est effectu\u00e9 par l\u2019adulte sous les yeux des enfants si l&rsquo;ambiance de classe le permet.<br>Sinon&#8230; on verra plus tard ! <br><strong>Les \u00e9l\u00e8ves apprennent aussi \u00e0 glisser leur \u00e9tiquette dans la bo\u00eete avant de partir.<\/strong> Ils lib\u00e8rent ainsi une place.<\/p>\n\n\n\n<h5 class=\"wp-block-heading\"><strong>S\u2019inscrire seul<\/strong><\/h5>\n\n\n\n<p>Au bout de quelques jours, tous les ateliers pr\u00e9sentent une bo\u00eete \u00e0 inscriptions. Les adultes pointent les participants \u00e0 leur atelier sous les yeux des enfants.<br>\u00c0 l\u2019atelier autonome, les \u00e9tiquettes des participants sont gliss\u00e9es dans la boite en fin d\u2019atelier. Pour savoir qui est venu, il suffit de les sortir.<\/p>\n\n\n\n<h5 class=\"wp-block-heading\"><strong>Pointer son passage<\/strong><\/h5>\n\n\n\n<p>A force de voir les adultes faire, les enfants les plus habiles demandent \u00e0 cocher leur pr\u00e9nom \u00e0 chaque passage. Et petit \u00e0 petit, tout le monde s&rsquo;y met. <br>Il y a plusieurs carr\u00e9s dans la liste pour signaler le nombre de participation comme le pr\u00e9sente cette vid\u00e9o prise en cours d\u2019ann\u00e9e.<\/p>\n\n\n\n<figure class=\"wp-block-video aligncenter\"><video height=\"480\" style=\"aspect-ratio: 480 \/ 480;\" width=\"480\" controls poster=\"https:\/\/maternailes.fr\/wp-content\/uploads\/2020\/07\/couv_rentree_05_B_pointer.jpeg\" src=\"http:\/\/maternailes.fr\/wp-content\/uploads\/2020\/07\/rentree_05_B_pointer.mp4\"><\/video><\/figure>\n\n\n\n<h3 class=\"wp-block-heading\">6. Comment s\u2019est pass\u00e9e la rentr\u00e9e ?<\/h3>\n\n\n\n<p><strong>27&nbsp;\u00e9l\u00e8ves de petite et moyenne<\/strong> sections sont venus mardi, premier jour d\u2019\u00e9cole,&nbsp;<strong>dont&nbsp;19 PS.<\/strong><br><strong>Un seul atelier a \u00e9t\u00e9 ouvert<\/strong>. <strong>Tous les enfants n\u2019ont donc pas <em>fait d\u2019atelier <\/em><\/strong>ce premier matin.&nbsp;Nous prenons le temps de mettre en place&nbsp;une bonne ambiance de classe.<br>Rapidement les pleurs ont cess\u00e9. Ce n\u2019est pas comme cela tous les ans, cela d\u00e9pend des des groupes.<\/p>\n\n\n\n<p><strong>Des enfants se sont install\u00e9s<\/strong> \u00e0 ma table d\u00e8s qu\u2019une chaise se lib\u00e9rait.<br>J\u2019ai point\u00e9 sur ma liste :<\/p>\n\n\n\n<ul class=\"wp-block-list\"><li>les participants<\/li><li>les tenus de crayons approximatives (3 sur 27)<\/li><\/ul>\n\n\n\n<p>Nous utilisons&nbsp;de gros crayons qui induisent plut\u00f4t une bonne pr\u00e9hension.<\/p>\n\n\n\n<figure class=\"wp-block-video aligncenter\"><video height=\"480\" style=\"aspect-ratio: 480 \/ 480;\" width=\"480\" controls poster=\"https:\/\/maternailes.fr\/wp-content\/uploads\/2020\/07\/couv_rentree_07_A_commentsestpassee.jpeg\" src=\"http:\/\/maternailes.fr\/wp-content\/uploads\/2020\/07\/rentree_07_A_commentsestpassee.mp4\"><\/video><\/figure>\n\n\n\n<p>Avec l\u2019aide des MS, nous avons commenc\u00e9 \u00e0 instaurer le syst\u00e8me des chouchous aux coins jeux : <strong>on ne peut y entrer que s\u2019il reste un chouchou de disponible \u00e0 l\u2019entr\u00e9e.<\/strong><br>S\u2019il n\u2019y a plus de chouchous, il n\u2019y a plus de places.<br>Cela \u00e9vite de se retrouver \u00e0 dix au coin garage.<\/p>\n\n\n\n<figure class=\"wp-block-video aligncenter\"><video height=\"480\" style=\"aspect-ratio: 480 \/ 480;\" width=\"480\" controls poster=\"https:\/\/maternailes.fr\/wp-content\/uploads\/2020\/07\/couv_rentree_07_B_commentsestpassee.jpeg\" src=\"http:\/\/maternailes.fr\/wp-content\/uploads\/2020\/07\/rentree_07_B_commentsestpassee.mp4\"><\/video><\/figure>\n\n\n\n<h3 class=\"wp-block-heading\">7. Premiers&nbsp;ateliers individuels de manipulations<\/h3>\n\n\n\n<p>Un moment calme en d\u00e9but d\u2019A-M o\u00f9 les 8 \u00e9l\u00e8ves de moyenne sections travaillent de fa\u00e7on individuelle. Les enfants de petite section qui ne dorment pas peuvent aussi nous rejoindre.<\/p>\n\n\n\n<figure class=\"wp-block-video aligncenter\"><video height=\"480\" style=\"aspect-ratio: 480 \/ 480;\" width=\"480\" controls poster=\"https:\/\/maternailes.fr\/wp-content\/uploads\/2020\/07\/couv_rentree_08_A_premierspas.jpeg\" src=\"http:\/\/maternailes.fr\/wp-content\/uploads\/2020\/07\/rentree_08_A_premierspas.mp4\"><\/video><\/figure>\n\n\n\n<figure class=\"wp-block-video aligncenter\"><video height=\"480\" style=\"aspect-ratio: 480 \/ 480;\" width=\"480\" controls poster=\"https:\/\/maternailes.fr\/wp-content\/uploads\/2020\/07\/couv_rentree_08_B_premierspas.jpeg\" src=\"http:\/\/maternailes.fr\/wp-content\/uploads\/2020\/07\/rentree_08_B_premierspas.mp4\"><\/video><\/figure>\n\n\n\n<h3 class=\"wp-block-heading\">8. Jeudi :&nbsp;du cadre !<\/h3>\n\n\n\n<p>Les voil\u00e0 d\u00e9j\u00e0 plus \u00e0 l\u2019aise : certains jettent les duplos au&nbsp;travers de la classe, montent debout sur les bancs, tapent, poussent, arrachent. Un slip vole dans le dortoir.&nbsp; Des petites mains essaient de farfouiller dans&nbsp;les placards. Des hurlement traversent&nbsp;la classe, entrain\u00e9s par&nbsp;des moyens qui ne savent plus se faire discrets au bout de deux mois de vacances.<\/p>\n\n\n\n<p><strong>Rien de plus normal en ce d\u00e9but d\u2019ann\u00e9e.<\/strong> <strong>La phase de cadrage peut commencer. Cadrer tout en \u00e9tant toujours aussi accueillante.<\/strong><\/p>\n\n\n\n<p>L\u2019attractivit\u00e9 des coins jeux nous aide. \u00ab&nbsp;<em>Non, tu ne peux pas rester au garage, tu fais trop de bruit.&nbsp;\u00bb <\/em>d\u2019une voix douce et ferme. Ils finissent par faire un effort pour pouvoir y rester. La chaise magique est ressortie pour ceux qui agressent physiquement les autres. Quand on est assis dessus, on ne tape plus : magique, non ?<br><strong>Nous devons \u00e0 tout moment \u00eatre disponible pour g\u00e9rer au coup par coup ces apprentissages comportementaux.&nbsp;&nbsp;<\/strong><\/p>\n\n\n\n<p>Heureusement, cette ann\u00e9e l\u00e0,&nbsp;la plupart de nos \u00e9l\u00e8ves sont plut\u00f4t respectueux des autres.<br>La preuve : nous avons pu ouvrir deux ateliers dans la matin\u00e9e.<\/p>\n\n\n\n<p>En plus de l\u2019atelier des cartables que nous terminons, le jeu symbolique de manipulation est propos\u00e9 aux enfants.<\/p>\n\n\n\n<p><strong>En ce qui concerne&nbsp;l\u2019organisation, nous pointons simplement les participations.<\/strong> <strong>Ce deuxi\u00e8me jour, tous les enfants ont r\u00e9alis\u00e9 un atelier.&nbsp;<\/strong>Ce n&rsquo;est pas comme \u00e7a tous les ans. Certains mettent parfois plusieurs semaines avant de s&rsquo;investir pleinement dans l&rsquo;\u00e9cole.<\/p>\n\n\n\n<figure class=\"wp-block-video aligncenter\"><video height=\"480\" style=\"aspect-ratio: 480 \/ 480;\" width=\"480\" controls poster=\"https:\/\/maternailes.fr\/wp-content\/uploads\/2020\/07\/couv_rentree_09_A_jeudi.jpeg\" src=\"http:\/\/maternailes.fr\/wp-content\/uploads\/2020\/07\/rentree_09_A_jeudi.mp4\"><\/video><\/figure>\n\n\n\n<figure class=\"wp-block-video aligncenter\"><video height=\"480\" style=\"aspect-ratio: 480 \/ 480;\" width=\"480\" controls poster=\"https:\/\/maternailes.fr\/wp-content\/uploads\/2020\/07\/couv_rentree_09_B_jeudi.jpeg\" src=\"http:\/\/maternailes.fr\/wp-content\/uploads\/2020\/07\/rentree_09_B_jeudi.mp4\"><\/video><\/figure>\n\n\n\n<p>Quand on a tout coup\u00e9 : il faut reconstituer les aliments ! Avec de l\u2019aide chez les petits.<\/p>\n\n\n\n<figure class=\"wp-block-video aligncenter\"><video height=\"480\" style=\"aspect-ratio: 480 \/ 480;\" width=\"480\" controls poster=\"https:\/\/maternailes.fr\/wp-content\/uploads\/2020\/07\/couv_rentree_09_C_jeudi.jpeg\" src=\"http:\/\/maternailes.fr\/wp-content\/uploads\/2020\/07\/rentree_09_C_jeudi.mp4\"><\/video><\/figure>\n\n\n\n<figure class=\"wp-block-image size-large\"><img loading=\"lazy\" decoding=\"async\" width=\"1024\" height=\"681\" src=\"https:\/\/maternailes.fr\/wp-content\/uploads\/2022\/08\/Capture-de\u0301cran-2022-08-28-a\u0300-08.53.05-1024x681.png\" alt=\"\" class=\"wp-image-5006\" srcset=\"https:\/\/maternailes.fr\/wp-content\/uploads\/2022\/08\/Capture-de\u0301cran-2022-08-28-a\u0300-08.53.05-1024x681.png 1024w, https:\/\/maternailes.fr\/wp-content\/uploads\/2022\/08\/Capture-de\u0301cran-2022-08-28-a\u0300-08.53.05-300x200.png 300w, https:\/\/maternailes.fr\/wp-content\/uploads\/2022\/08\/Capture-de\u0301cran-2022-08-28-a\u0300-08.53.05-768x511.png 768w, https:\/\/maternailes.fr\/wp-content\/uploads\/2022\/08\/Capture-de\u0301cran-2022-08-28-a\u0300-08.53.05-1536x1022.png 1536w, https:\/\/maternailes.fr\/wp-content\/uploads\/2022\/08\/Capture-de\u0301cran-2022-08-28-a\u0300-08.53.05-2048x1362.png 2048w, https:\/\/maternailes.fr\/wp-content\/uploads\/2022\/08\/Capture-de\u0301cran-2022-08-28-a\u0300-08.53.05-1200x798.png 1200w, https:\/\/maternailes.fr\/wp-content\/uploads\/2022\/08\/Capture-de\u0301cran-2022-08-28-a\u0300-08.53.05-1980x1317.png 1980w\" sizes=\"auto, (max-width: 1024px) 100vw, 1024px\" \/><figcaption>Nous commen\u00e7ons l&rsquo;<a href=\"https:\/\/maternailes.fr\/?p=553\">Ab\u00e9c\u00e9daire \u00e0 construire<\/a><\/figcaption><\/figure>\n\n\n\n<p>Les ateliers de fin d\u2019apr\u00e8s-midi sont encore tous autonomes.<br>Les petits nous ont rejoints.<br><strong>Nous commen\u00e7ons \u00e0 demander aux enfants d\u2019aller chercher leur \u00e9tiquette pour s\u2019inscrire.<\/strong><\/p>\n\n\n\n<p>Premi\u00e8re soir\u00e9e un peu difficile pour moi : mal au dos et \u00e0 la t\u00eate ce jeudi soir. Mon ami Ibuprof\u00e8ne me tient compagnie.<br>Des maux livr\u00e9s avec la maternelle ?<\/p>\n\n\n\n<h3 class=\"wp-block-heading\">9. Vendredi : coup de fatigue<\/h3>\n\n\n\n<p>Beaucoup de pleurs le matin mais aussi avant le couchage.<br>Notre dortoir n\u2019a pas l\u2019habitude d\u2019accueillir autant d\u2019\u00e9l\u00e8ves et les enfants y sont un peu les uns sur les autres. A suivre\u2026<\/p>\n\n\n\n<p>Un nouvel atelier est ouvert : la p\u00e2te \u00e0 modeler. Il apporte beaucoup de calme. Les enfants y sont concentr\u00e9s, appliqu\u00e9s. Chouette moment.<\/p>\n\n\n\n<figure class=\"wp-block-video aligncenter\"><video height=\"480\" style=\"aspect-ratio: 480 \/ 480;\" width=\"480\" controls poster=\"https:\/\/maternailes.fr\/wp-content\/uploads\/2020\/07\/couv_rentree_10_A_vendredi.jpeg\" src=\"http:\/\/maternailes.fr\/wp-content\/uploads\/2020\/07\/rentree_10_A_vendredi.mp4\"><\/video><\/figure>\n\n\n\n<p><strong>Au niveau m\u00e9thodologique, les enfants apprennent \u00e0 d\u00e9poser leur travail termin\u00e9 sur le \u00ab&nbsp;bureau&nbsp;\u00bb de l\u2019enseignante.&nbsp;<\/strong><\/p>\n\n\n\n<figure class=\"wp-block-video aligncenter\"><video height=\"480\" style=\"aspect-ratio: 480 \/ 480;\" width=\"480\" controls poster=\"https:\/\/maternailes.fr\/wp-content\/uploads\/2020\/07\/couv_rentree_10_B_vendredi.jpeg\" src=\"http:\/\/maternailes.fr\/wp-content\/uploads\/2020\/07\/rentree_10_B_vendredi.mp4\"><\/video><\/figure>\n\n\n\n<p>Je d\u00e9cide de commencer la relaxation d\u00e8s cette premi\u00e8re semaine avec les moyens qui me semblent capables de s\u2019y investir.<br>Bien vu : ils appr\u00e9cient, sont attentifs et la s\u00e9ance se passe tr\u00e8s bien.<br>Nous dessinons nos premiers bonshommes.<\/p>\n\n\n<div class=\"wp-block-image\">\n<figure class=\"aligncenter size-full\"><img loading=\"lazy\" decoding=\"async\" width=\"900\" height=\"346\" src=\"https:\/\/maternailes.fr\/wp-content\/uploads\/2020\/07\/rentree_10_C_vendredi_remplacement.png\" alt=\"\" class=\"wp-image-1063\" srcset=\"https:\/\/maternailes.fr\/wp-content\/uploads\/2020\/07\/rentree_10_C_vendredi_remplacement.png 900w, https:\/\/maternailes.fr\/wp-content\/uploads\/2020\/07\/rentree_10_C_vendredi_remplacement-300x115.png 300w, https:\/\/maternailes.fr\/wp-content\/uploads\/2020\/07\/rentree_10_C_vendredi_remplacement-768x295.png 768w\" sizes=\"auto, (max-width: 900px) 100vw, 900px\" \/><\/figure>\n<\/div>\n\n\n<h3 class=\"wp-block-heading\">10. Samedi matin<\/h3>\n\n\n\n<p>Huit absents. Mais beaucoup de parents se sont excus\u00e9s la veille. Nous devrions avoir de meilleurs&nbsp;effectifs les samedis \u00e0 venir.<br><strong>En passant : travailler \u00e0 20, quel bonheur !<\/strong><br>Un niveau sonore, un cadre plus serein qui nous a permis de bien avancer, d\u2019accompagner les \u00e9l\u00e8ves, notamment dans les reformulations langagi\u00e8res. <strong>Certains&nbsp;commencent \u00e0 s\u2019inscrire.&nbsp;Mais ils ont du mal \u00e0 retrouver leur \u00e9tiquette sans photo.&nbsp;Elles tardent \u00e0 venir cette ann\u00e9e. (5 sur 19 petits)<\/strong><\/p>\n\n\n\n<h3 class=\"wp-block-heading\">11. Le semainier&nbsp;r\u00e9alis\u00e9<\/h3>\n\n\n\n<figure class=\"wp-block-image alignwide size-full\"><img loading=\"lazy\" decoding=\"async\" width=\"1007\" height=\"737\" src=\"http:\/\/maternailes.fr\/wp-content\/uploads\/2020\/07\/rentree_12_A_semainier.png\" alt=\"\" class=\"wp-image-328\" srcset=\"https:\/\/maternailes.fr\/wp-content\/uploads\/2020\/07\/rentree_12_A_semainier.png 1007w, https:\/\/maternailes.fr\/wp-content\/uploads\/2020\/07\/rentree_12_A_semainier-300x220.png 300w, https:\/\/maternailes.fr\/wp-content\/uploads\/2020\/07\/rentree_12_A_semainier-768x562.png 768w\" sizes=\"auto, (max-width: 1007px) 100vw, 1007px\" \/><\/figure>\n\n\n\n<p>Ce qui a chang\u00e9 par rapport aux pr\u00e9visions :<\/p>\n\n\n\n<ul class=\"wp-block-list\"><li>Je n\u2019ai pas ouvert l\u2019atelier de collage. Nous verrons la semaine prochaine.<\/li><li>La relaxation d\u00e9marre d\u00e8s la premi\u00e8re semaine.<\/li><li>Bulle n\u2019a pas pu voler de t\u00e9tine : aucun enfant n\u2019en avait apport\u00e9e ! Du coup, il a pris&nbsp;l\u2019\u00e9tiquette d\u2019Emy qui l\u2019a grond\u00e9 copieusement. Franche rigolade !<\/li><li>Les photos tardent \u00e0 venir pour les petits qui ont compris comment s\u2019inscrire \u00e0 un atelier. Cela complique un peu notre t\u00e2che. Je vais les faire.<\/li><\/ul>\n\n\n\n<p>Une deuxi\u00e8me&nbsp;semaine la meilleure possible \u00e0 tous !<br>Elle ne ressemblera surement pas encore \u00e0 ce qu\u2019on imagine d\u2019une classe. Il y aura des&nbsp;pleurs, notamment apr\u00e8s le week-end. Soyons patient(e)s.<\/p>\n\n\n\n<h3 class=\"wp-block-heading\">12 Documents<\/h3>\n\n\n\n<h5 class=\"wp-block-heading\">\u00e9tiquettes cartable<\/h5>\n\n\n\n<figure class=\"wp-block-image alignwide size-large\"><img loading=\"lazy\" decoding=\"async\" width=\"1024\" height=\"204\" src=\"https:\/\/maternailes.fr\/wp-content\/uploads\/2021\/08\/Cartables-1024x204.png\" alt=\"\" class=\"wp-image-4413\" srcset=\"https:\/\/maternailes.fr\/wp-content\/uploads\/2021\/08\/Cartables-1024x204.png 1024w, https:\/\/maternailes.fr\/wp-content\/uploads\/2021\/08\/Cartables-300x60.png 300w, https:\/\/maternailes.fr\/wp-content\/uploads\/2021\/08\/Cartables-768x153.png 768w, https:\/\/maternailes.fr\/wp-content\/uploads\/2021\/08\/Cartables-1536x305.png 1536w, https:\/\/maternailes.fr\/wp-content\/uploads\/2021\/08\/Cartables-1200x239.png 1200w, https:\/\/maternailes.fr\/wp-content\/uploads\/2021\/08\/Cartables.png 1972w\" sizes=\"auto, (max-width: 1024px) 100vw, 1024px\" \/><\/figure>\n\n\n\n<div data-wp-interactive=\"core\/file\" class=\"wp-block-file\"><object data-wp-bind--hidden=\"!state.hasPdfPreview\" hidden class=\"wp-block-file__embed\" data=\"https:\/\/maternailes.fr\/wp-content\/uploads\/2021\/08\/CartablesEtiquettes.pdf\" type=\"application\/pdf\" style=\"width:100%;height:600px\" aria-label=\"Contenu embarqu\u00e9 Contenu embarqu\u00e9 CartablesEtiquettes..\"><\/object><a id=\"wp-block-file--media-23ef1b30-14df-42ff-ac5e-7ba51a826844\" href=\"https:\/\/maternailes.fr\/wp-content\/uploads\/2021\/08\/CartablesEtiquettes.pdf\">CartablesEtiquettes<\/a><a href=\"https:\/\/maternailes.fr\/wp-content\/uploads\/2021\/08\/CartablesEtiquettes.pdf\" class=\"wp-block-file__button\" download aria-describedby=\"wp-block-file--media-23ef1b30-14df-42ff-ac5e-7ba51a826844\">T\u00e9l\u00e9charger<\/a><\/div>\n\n\n\n<h5 class=\"wp-block-heading\">Atelier de p\u00e2te \u00e0 modeler<\/h5>\n\n\n\n<figure class=\"wp-block-image alignwide size-large\"><img loading=\"lazy\" decoding=\"async\" width=\"1024\" height=\"250\" src=\"https:\/\/maternailes.fr\/wp-content\/uploads\/2020\/07\/brevetscahier_03_C_hauteurclasse_coquillages_remplacement-1024x250.png\" alt=\"\" class=\"wp-image-1039\" srcset=\"https:\/\/maternailes.fr\/wp-content\/uploads\/2020\/07\/brevetscahier_03_C_hauteurclasse_coquillages_remplacement-1024x250.png 1024w, https:\/\/maternailes.fr\/wp-content\/uploads\/2020\/07\/brevetscahier_03_C_hauteurclasse_coquillages_remplacement-300x73.png 300w, https:\/\/maternailes.fr\/wp-content\/uploads\/2020\/07\/brevetscahier_03_C_hauteurclasse_coquillages_remplacement-768x188.png 768w, https:\/\/maternailes.fr\/wp-content\/uploads\/2020\/07\/brevetscahier_03_C_hauteurclasse_coquillages_remplacement.png 1200w\" sizes=\"auto, (max-width: 1024px) 100vw, 1024px\" \/><\/figure>\n\n\n\n<div data-wp-interactive=\"core\/file\" class=\"wp-block-file\"><object data-wp-bind--hidden=\"!state.hasPdfPreview\" hidden class=\"wp-block-file__embed\" data=\"https:\/\/maternailes.fr\/wp-content\/uploads\/2020\/07\/patamodel_05_T2_brevet_cheval.pdf\" type=\"application\/pdf\" style=\"width:100%;height:600px\" aria-label=\"Contenu embarqu\u00e9 Contenu embarqu\u00e9 patamodel_05_T2_brevet_cheval..\"><\/object><a id=\"wp-block-file--media-2969d4f6-c08d-4c48-8209-379f62a799b6\" href=\"https:\/\/maternailes.fr\/wp-content\/uploads\/2020\/07\/patamodel_05_T2_brevet_cheval.pdf\">patamodel_05_T2_brevet_cheval<\/a><a href=\"https:\/\/maternailes.fr\/wp-content\/uploads\/2020\/07\/patamodel_05_T2_brevet_cheval.pdf\" class=\"wp-block-file__button\" download aria-describedby=\"wp-block-file--media-2969d4f6-c08d-4c48-8209-379f62a799b6\">T\u00e9l\u00e9charger<\/a><\/div>\n\n\n\n<figure class=\"wp-block-image alignwide size-full\"><img loading=\"lazy\" decoding=\"async\" width=\"968\" height=\"230\" src=\"https:\/\/maternailes.fr\/wp-content\/uploads\/2020\/07\/scratch.png\" alt=\"\" class=\"wp-image-4416\" srcset=\"https:\/\/maternailes.fr\/wp-content\/uploads\/2020\/07\/scratch.png 968w, https:\/\/maternailes.fr\/wp-content\/uploads\/2020\/07\/scratch-300x71.png 300w, https:\/\/maternailes.fr\/wp-content\/uploads\/2020\/07\/scratch-768x182.png 768w\" sizes=\"auto, (max-width: 968px) 100vw, 968px\" \/><\/figure>\n\n\n\n<h5 class=\"wp-block-heading\">Atelier cuisine<\/h5>\n\n\n\n<ol class=\"wp-block-list\"><li><strong>Explorer librement <\/strong>le mat\u00e9riel et <strong>l\u2019identifier, le nommer lors du rangement.<\/strong><\/li><li><strong>Reproduire <\/strong>une photographie en respectant l\u2019<strong>organisation spatiale<\/strong>.<\/li><li><strong>D\u00e9crire <\/strong>pr\u00e9cis\u00e9ment une photographie, <strong>\u00e9couter <\/strong>attentivement un \u00e9l\u00e8ve <strong>pour r\u00e9aliser la commande.<\/strong><\/li><\/ol>\n\n\n\n<div data-wp-interactive=\"core\/file\" class=\"wp-block-file\"><object data-wp-bind--hidden=\"!state.hasPdfPreview\" hidden class=\"wp-block-file__embed\" data=\"https:\/\/maternailes.fr\/wp-content\/uploads\/2020\/07\/cuisine.pdf\" type=\"application\/pdf\" style=\"width:100%;height:600px\" aria-label=\"Contenu embarqu\u00e9 Contenu embarqu\u00e9 cuisine..\"><\/object><a id=\"wp-block-file--media-da03cf8b-925a-4b86-8f13-02f83b3934a8\" href=\"https:\/\/maternailes.fr\/wp-content\/uploads\/2020\/07\/cuisine.pdf\">cuisine<\/a><a href=\"https:\/\/maternailes.fr\/wp-content\/uploads\/2020\/07\/cuisine.pdf\" class=\"wp-block-file__button\" download aria-describedby=\"wp-block-file--media-da03cf8b-925a-4b86-8f13-02f83b3934a8\">T\u00e9l\u00e9charger<\/a><\/div>\n","protected":false},"excerpt":{"rendered":"<p>Gros plan sur notre premi\u00e8re semaine d\u2019\u00e9cole, en septembre 2014, avec des petite et moyenne sections.Une pens\u00e9e pour&nbsp;ceux qui atterrissent en maternelle sans aucune formation !<\/p>\n","protected":false},"author":1,"featured_media":899,"comment_status":"closed","ping_status":"closed","sticky":false,"template":"","format":"standard","meta":{"_eb_attr":"","footnotes":""},"categories":[5],"tags":[],"class_list":["post-329","post","type-post","status-publish","format-standard","has-post-thumbnail","hentry","category-pratiques"],"_links":{"self":[{"href":"https:\/\/maternailes.fr\/index.php?rest_route=\/wp\/v2\/posts\/329","targetHints":{"allow":["GET"]}}],"collection":[{"href":"https:\/\/maternailes.fr\/index.php?rest_route=\/wp\/v2\/posts"}],"about":[{"href":"https:\/\/maternailes.fr\/index.php?rest_route=\/wp\/v2\/types\/post"}],"author":[{"embeddable":true,"href":"https:\/\/maternailes.fr\/index.php?rest_route=\/wp\/v2\/users\/1"}],"replies":[{"embeddable":true,"href":"https:\/\/maternailes.fr\/index.php?rest_route=%2Fwp%2Fv2%2Fcomments&post=329"}],"version-history":[{"count":22,"href":"https:\/\/maternailes.fr\/index.php?rest_route=\/wp\/v2\/posts\/329\/revisions"}],"predecessor-version":[{"id":5008,"href":"https:\/\/maternailes.fr\/index.php?rest_route=\/wp\/v2\/posts\/329\/revisions\/5008"}],"wp:featuredmedia":[{"embeddable":true,"href":"https:\/\/maternailes.fr\/index.php?rest_route=\/wp\/v2\/media\/899"}],"wp:attachment":[{"href":"https:\/\/maternailes.fr\/index.php?rest_route=%2Fwp%2Fv2%2Fmedia&parent=329"}],"wp:term":[{"taxonomy":"category","embeddable":true,"href":"https:\/\/maternailes.fr\/index.php?rest_route=%2Fwp%2Fv2%2Fcategories&post=329"},{"taxonomy":"post_tag","embeddable":true,"href":"https:\/\/maternailes.fr\/index.php?rest_route=%2Fwp%2Fv2%2Ftags&post=329"}],"curies":[{"name":"wp","href":"https:\/\/api.w.org\/{rel}","templated":true}]}}